{"id":2138,"date":"2018-09-04T10:18:21","date_gmt":"2018-09-04T07:18:21","guid":{"rendered":"https:\/\/socodor.ro\/?p=2138"},"modified":"2018-09-10T09:55:59","modified_gmt":"2018-09-10T06:55:59","slug":"sedinta-ordinara-din-31-august-2018-2","status":"publish","type":"post","link":"https:\/\/socodor.ro\/index.php\/2018\/09\/04\/sedinta-ordinara-din-31-august-2018-2\/","title":{"rendered":"\u0218edin\u021ba ordinar\u0103 din 31 august 2018"},"content":{"rendered":"<p><!--more--><\/p>\n<p><a href=\"https:\/\/socodor.ro\/wp-content\/uploads\/2018\/09\/Hot\u0103r\u00e2rea-nr.58-din-31.08.2018-privind-aprobarea-procesului-verbal-de-la-sedinta-anterioara.pdf\">Hot\u0103r\u00e2rea nr.58 din 31.08.2018 privind aprobarea procesului verbal de la \u0219edin\u021ba anterioar\u0103 din 22 iulie 2017<\/a><\/p>\n<p><a href=\"https:\/\/socodor.ro\/wp-content\/uploads\/2018\/09\/Hot\u0103r\u00e2rea-nr.59-din-31.08.2018-privind-aprobarea-ordinii-de-zi.pdf\">Hot\u0103r\u00e2rea nr.59 din 31.08.2018 privind aprobarea ordinii de zi<\/a><\/p>\n<p><a href=\"https:\/\/socodor.ro\/wp-content\/uploads\/2018\/09\/Hot\u0103r\u00e2rea-nr.60-din-31.08.2018-privind-aprobarea-bugetului-rectificat-pe-anul-2018-al-SC-Selectiv-Soc-Colectare-SRL.pdf\">Hot\u0103r\u00e2rea nr.60 din 31.08.2018 privind aprobarea bugetului rectificat \u00een luna august 2018 al SC Selectiv Soc Colectare SRL<\/a><\/p>\n<p><a href=\"https:\/\/socodor.ro\/wp-content\/uploads\/2018\/09\/Hot\u0103r\u00e2rea-nr.61-din-31.08.2018-privind-aprobarea-indicatorilor-tehnico-economici-actualizati-Pod-Padure-1.pdf\">Hot\u0103r\u00e2rea nr.61 din 31.08.2018 privind aprobarea indicatorilor tehnico-economici actualiza\u021bi Reabilitare&nbsp; Pod peste Cri\u0219ul Alb<\/a><\/p>\n<p><a href=\"https:\/\/socodor.ro\/wp-content\/uploads\/2018\/09\/Hot\u0103r\u00e2rea-nr.62-din-31.08.2018-privind-aprobarea-raportului-de-analiza-a-activit\u0103\u021bii-SVSU-semestrul-I-2018.pdf\">Hot\u0103r\u00e2rea nr.62 din 31.08.2018 privind aprobarea raportului de analiz\u0103 al activit\u0103\u021bii S.V.S.U. pe semestrul I 2018<\/a><\/p>\n<p><a href=\"https:\/\/socodor.ro\/wp-content\/uploads\/2018\/09\/Hot\u0103r\u00e2rea-nr.63-din-31.08.2018-privind-alegera-presedintelui-de-sedinta-.pdf\">Hot\u0103r\u00e2rea nr.63 din 31.08.2018 privind alegerea pre\u0219edintelui de \u0219edin\u021b\u0103 pentru urm\u0103toarele 3 luni<\/a><\/p>\n<p>&nbsp;<\/p>\n","protected":false},"excerpt":{"rendered":"","protected":false},"author":3,"featured_media":0,"comment_status":"closed","ping_status":"closed","sticky":false,"template":"","format":"standard","meta":{"ngg_post_thumbnail":0,"generate_page_header":"","footnotes":""},"categories":[51],"tags":[],"class_list":["post-2138","post","type-post","status-publish","format-standard","hentry","category-hcl-2018"],"_links":{"self":[{"href":"https:\/\/socodor.ro\/index.php\/wp-json\/wp\/v2\/posts\/2138","targetHints":{"allow":["GET"]}}],"collection":[{"href":"https:\/\/socodor.ro\/index.php\/wp-json\/wp\/v2\/posts"}],"about":[{"href":"https:\/\/socodor.ro\/index.php\/wp-json\/wp\/v2\/types\/post"}],"author":[{"embeddable":true,"href":"https:\/\/socodor.ro\/index.php\/wp-json\/wp\/v2\/users\/3"}],"replies":[{"embeddable":true,"href":"https:\/\/socodor.ro\/index.php\/wp-json\/wp\/v2\/comments?post=2138"}],"version-history":[{"count":3,"href":"https:\/\/socodor.ro\/index.php\/wp-json\/wp\/v2\/posts\/2138\/revisions"}],"predecessor-version":[{"id":2153,"href":"https:\/\/socodor.ro\/index.php\/wp-json\/wp\/v2\/posts\/2138\/revisions\/2153"}],"wp:attachment":[{"href":"https:\/\/socodor.ro\/index.php\/wp-json\/wp\/v2\/media?parent=2138"}],"wp:term":[{"taxonomy":"category","embeddable":true,"href":"https:\/\/socodor.ro\/index.php\/wp-json\/wp\/v2\/categories?post=2138"},{"taxonomy":"post_tag","embeddable":true,"href":"https:\/\/socodor.ro\/index.php\/wp-json\/wp\/v2\/tags?post=2138"}],"curies":[{"name":"wp","href":"https:\/\/api.w.org\/{rel}","templated":true}]}}